{"id":544,"date":"2023-09-12T09:02:59","date_gmt":"2023-09-12T07:02:59","guid":{"rendered":"https:\/\/lyceerochefortmontagne.fr\/?p=544"},"modified":"2025-07-01T11:21:24","modified_gmt":"2025-07-01T09:21:24","slug":"une-belle-rentree-2023","status":"publish","type":"post","link":"https:\/\/lyceerochefortmontagne.fr\/?p=544","title":{"rendered":"Une belle rentr\u00e9e 2023"},"content":{"rendered":"\n<figure class=\"wp-block-image size-large\"><img loading=\"lazy\" decoding=\"async\" width=\"1024\" height=\"768\" src=\"https:\/\/lyceerochefortmontagne.fr\/wp-content\/uploads\/2023\/09\/image0-1024x768.jpeg\" alt=\"\" class=\"wp-image-561\" srcset=\"https:\/\/lyceerochefortmontagne.fr\/wp-content\/uploads\/2023\/09\/image0-1024x768.jpeg 1024w, https:\/\/lyceerochefortmontagne.fr\/wp-content\/uploads\/2023\/09\/image0-300x225.jpeg 300w, https:\/\/lyceerochefortmontagne.fr\/wp-content\/uploads\/2023\/09\/image0-768x576.jpeg 768w, https:\/\/lyceerochefortmontagne.fr\/wp-content\/uploads\/2023\/09\/image0-1536x1152.jpeg 1536w, https:\/\/lyceerochefortmontagne.fr\/wp-content\/uploads\/2023\/09\/image0-2048x1536.jpeg 2048w\" sizes=\"auto, (max-width: 767px) 89vw, (max-width: 1000px) 54vw, (max-width: 1071px) 543px, 580px\" \/><\/figure>\n\n\n\n<p class=\"has-text-align-left\"><em>Le lyc\u00e9e agricole de Rochefort-Montagne a ouvert ses portes lundi  04 septembre pour accueillir les nouveaux arrivants de 2nde pro Nature  et agricole, et sa classe de 2nde GT. Les \u00e9l\u00e8ves entrants ont pu  d\u00e9couvrir l&rsquo;\u00e9tablissement gr\u00e2ce \u00e0 un accueil personnalis\u00e9, et une  apr\u00e8s-midi d&rsquo;int\u00e9gration ponctu\u00e9e par un barbecue concoct\u00e9 par notre  chef cuisinier, M. RIBEIRO. Les \u00e9l\u00e8ves ont appr\u00e9ci\u00e9 cette 1\u00e8re journ\u00e9e  et cette 1\u00e8re nuit o\u00f9 ils \u00e9taient seuls pour s&rsquo;approprier les lieux et  le fonctionnement. Les autres \u00e9l\u00e8ves rejoindront l&rsquo;\u00e9tablissement demain.<\/em> <div id=\"layout-content\" class=\"selected\"><div class=\"content frame-content\" role=\"main\"><div id=\"message-content\"><div class=\"rightcol\" role=\"region\" aria-labelledby=\"aria-label-messagebody\"><div id=\"messagebody\"><div class=\"message-htmlpart\" id=\"message-htmlpart1\"><div class=\"rcmBody\"><div id=\"v1forwardbody1\"><div><p><em>Le lyc\u00e9e, qui va s&rsquo;appeler bient\u00f4t \u00ab\u00a0Lyc\u00e9e des volcans\u00a0\u00bb comptera  pr\u00e8s de 180 \u00e9l\u00e8ves cette ann\u00e9e encore, et a obtenu des r\u00e9sultats aux  examens tr\u00e8s satisfaisants avec 92 % de r\u00e9ussite en bac pro CGEA, 86% en  bac pro GMNF, 100% en STAV, 81% en BTS, ce qui le place dans les tr\u00e8s  bons r\u00e9sultats et au-dessus des moyennes r\u00e9gionales et nationales.<\/em><\/p><p><em>La direction souhaite une excellente rentr\u00e9e \u00e0 tous les \u00e9l\u00e8ves et une bonne continuation \u00e0 ceux qui ont quitt\u00e9 le lyc\u00e9e en Juin<\/em><\/p><\/div><\/div><\/div><\/div><\/div><\/div><\/div><\/div><\/div><\/p>\n","protected":false},"excerpt":{"rendered":"<p>Le lyc\u00e9e agricole de Rochefort-Montagne a ouvert ses portes lundi 04 septembre pour accueillir les nouveaux arrivants de 2nde pro Nature et agricole, et sa classe de 2nde GT. Les \u00e9l\u00e8ves entrants ont pu d\u00e9couvrir l&rsquo;\u00e9tablissement gr\u00e2ce \u00e0 un accueil personnalis\u00e9, et une apr\u00e8s-midi d&rsquo;int\u00e9gration ponctu\u00e9e par un barbecue concoct\u00e9 par notre chef cuisinier, M. &hellip; <\/p>\n<p class=\"link-more\"><a href=\"https:\/\/lyceerochefortmontagne.fr\/?p=544\" class=\"more-link\">Continuer la lecture<span class=\"screen-reader-text\"> de &laquo;&nbsp;Une belle rentr\u00e9e 2023&nbsp;&raquo;<\/span><\/a><\/p>\n","protected":false},"author":1,"featured_media":0,"comment_status":"closed","ping_status":"open","sticky":false,"template":"","format":"standard","meta":{"footnotes":""},"categories":[6],"tags":[],"class_list":["post-544","post","type-post","status-publish","format-standard","hentry","category-actu"],"_links":{"self":[{"href":"https:\/\/lyceerochefortmontagne.fr\/index.php?rest_route=\/wp\/v2\/posts\/544","targetHints":{"allow":["GET"]}}],"collection":[{"href":"https:\/\/lyceerochefortmontagne.fr\/index.php?rest_route=\/wp\/v2\/posts"}],"about":[{"href":"https:\/\/lyceerochefortmontagne.fr\/index.php?rest_route=\/wp\/v2\/types\/post"}],"author":[{"embeddable":true,"href":"https:\/\/lyceerochefortmontagne.fr\/index.php?rest_route=\/wp\/v2\/users\/1"}],"replies":[{"embeddable":true,"href":"https:\/\/lyceerochefortmontagne.fr\/index.php?rest_route=%2Fwp%2Fv2%2Fcomments&post=544"}],"version-history":[{"count":2,"href":"https:\/\/lyceerochefortmontagne.fr\/index.php?rest_route=\/wp\/v2\/posts\/544\/revisions"}],"predecessor-version":[{"id":1074,"href":"https:\/\/lyceerochefortmontagne.fr\/index.php?rest_route=\/wp\/v2\/posts\/544\/revisions\/1074"}],"wp:attachment":[{"href":"https:\/\/lyceerochefortmontagne.fr\/index.php?rest_route=%2Fwp%2Fv2%2Fmedia&parent=544"}],"wp:term":[{"taxonomy":"category","embeddable":true,"href":"https:\/\/lyceerochefortmontagne.fr\/index.php?rest_route=%2Fwp%2Fv2%2Fcategories&post=544"},{"taxonomy":"post_tag","embeddable":true,"href":"https:\/\/lyceerochefortmontagne.fr\/index.php?rest_route=%2Fwp%2Fv2%2Ftags&post=544"}],"curies":[{"name":"wp","href":"https:\/\/api.w.org\/{rel}","templated":true}]}}