{"id":536,"date":"2023-04-28T09:01:50","date_gmt":"2023-04-28T07:01:50","guid":{"rendered":"https:\/\/lyceerochefortmontagne.fr\/?p=536"},"modified":"2025-07-01T11:23:52","modified_gmt":"2025-07-01T09:23:52","slug":"inauguration-du-frigo-solidaire-vendredi-12-mai-2023","status":"publish","type":"post","link":"https:\/\/lyceerochefortmontagne.fr\/?p=536","title":{"rendered":"Inauguration du frigo solidaire &#8211; vendredi 12 mai 2023"},"content":{"rendered":"\n<p>L&rsquo;association des verts solidaires vous invite \u00e0 l&rsquo;inauguration du frigo solidaire mis en place pour les \u00e9tudiants du lyc\u00e9e. Elle se fera sous forme d&rsquo;un \u00e9v\u00e8nement festif en trois temps : un march\u00e9 de producteurs, l&rsquo;inauguration du frigo et un concert. <\/p>\n\n\n\n<p>On compte sur vous pour venir nombreux !!<\/p>\n\n\n\n<figure class=\"wp-block-image size-large\"><img loading=\"lazy\" decoding=\"async\" width=\"724\" height=\"1024\" src=\"https:\/\/lyceerochefortmontagne.fr\/wp-content\/uploads\/2023\/04\/image-724x1024.png\" alt=\"\" class=\"wp-image-537\" srcset=\"https:\/\/lyceerochefortmontagne.fr\/wp-content\/uploads\/2023\/04\/image-724x1024.png 724w, https:\/\/lyceerochefortmontagne.fr\/wp-content\/uploads\/2023\/04\/image-212x300.png 212w, https:\/\/lyceerochefortmontagne.fr\/wp-content\/uploads\/2023\/04\/image-768x1086.png 768w, https:\/\/lyceerochefortmontagne.fr\/wp-content\/uploads\/2023\/04\/image-1086x1536.png 1086w, https:\/\/lyceerochefortmontagne.fr\/wp-content\/uploads\/2023\/04\/image.png 1414w\" sizes=\"auto, (max-width: 724px) 100vw, 724px\" \/><\/figure>\n","protected":false},"excerpt":{"rendered":"<p>L&rsquo;association des verts solidaires vous invite \u00e0 l&rsquo;inauguration du frigo solidaire mis en place pour les \u00e9tudiants du lyc\u00e9e. Elle se fera sous forme d&rsquo;un \u00e9v\u00e8nement festif en trois temps : un march\u00e9 de producteurs, l&rsquo;inauguration du frigo et un concert. On compte sur vous pour venir nombreux !!<\/p>\n","protected":false},"author":1,"featured_media":0,"comment_status":"closed","ping_status":"open","sticky":false,"template":"","format":"standard","meta":{"footnotes":""},"categories":[6],"tags":[],"class_list":["post-536","post","type-post","status-publish","format-standard","hentry","category-actu"],"_links":{"self":[{"href":"https:\/\/lyceerochefortmontagne.fr\/index.php?rest_route=\/wp\/v2\/posts\/536","targetHints":{"allow":["GET"]}}],"collection":[{"href":"https:\/\/lyceerochefortmontagne.fr\/index.php?rest_route=\/wp\/v2\/posts"}],"about":[{"href":"https:\/\/lyceerochefortmontagne.fr\/index.php?rest_route=\/wp\/v2\/types\/post"}],"author":[{"embeddable":true,"href":"https:\/\/lyceerochefortmontagne.fr\/index.php?rest_route=\/wp\/v2\/users\/1"}],"replies":[{"embeddable":true,"href":"https:\/\/lyceerochefortmontagne.fr\/index.php?rest_route=%2Fwp%2Fv2%2Fcomments&post=536"}],"version-history":[{"count":1,"href":"https:\/\/lyceerochefortmontagne.fr\/index.php?rest_route=\/wp\/v2\/posts\/536\/revisions"}],"predecessor-version":[{"id":538,"href":"https:\/\/lyceerochefortmontagne.fr\/index.php?rest_route=\/wp\/v2\/posts\/536\/revisions\/538"}],"wp:attachment":[{"href":"https:\/\/lyceerochefortmontagne.fr\/index.php?rest_route=%2Fwp%2Fv2%2Fmedia&parent=536"}],"wp:term":[{"taxonomy":"category","embeddable":true,"href":"https:\/\/lyceerochefortmontagne.fr\/index.php?rest_route=%2Fwp%2Fv2%2Fcategories&post=536"},{"taxonomy":"post_tag","embeddable":true,"href":"https:\/\/lyceerochefortmontagne.fr\/index.php?rest_route=%2Fwp%2Fv2%2Ftags&post=536"}],"curies":[{"name":"wp","href":"https:\/\/api.w.org\/{rel}","templated":true}]}}