{"id":530,"date":"2023-04-28T08:52:56","date_gmt":"2023-04-28T06:52:56","guid":{"rendered":"https:\/\/lyceerochefortmontagne.fr\/?p=530"},"modified":"2025-07-01T11:23:52","modified_gmt":"2025-07-01T09:23:52","slug":"concert-caritatif-au-lycee-de-rochefort-montagne-le-11-mai","status":"publish","type":"post","link":"https:\/\/lyceerochefortmontagne.fr\/?p=530","title":{"rendered":"Concert caritatif au lyc\u00e9e de Rochefort-Montagne le 11 mai !"},"content":{"rendered":"\n<blockquote class=\"wp-block-quote is-layout-flow wp-block-quote-is-layout-flow\">\n<blockquote class=\"wp-block-quote is-layout-flow wp-block-quote-is-layout-flow\">\n<p>Le 11 mai \u00e0 20h, Le Lyc\u00e9e agricole de Rochefort-Montagne s\u2019engage aupr\u00e8s de la chorale La Viva dans l\u2019organisation d\u2019un concert caritatif au b\u00e9n\u00e9fice de projet Agora accueil migrant du secours Catholique Cantal-Puy de D\u00f4mes. Les choristes int\u00e9greront des chanteurs du BTS Gestion et Protection de la nature et des b\u00e9n\u00e9ficiaires de l\u2019Agora.<\/p>\n\n\n\n<p>Terra Viva est une \u0153uvre compos\u00e9e pour sensibiliser l\u2019opinion sur les graves probl\u00e8mes environnementaux qui menacent notre plan\u00e8te, et sur les ph\u00e9nom\u00e8nes migratoires caus\u00e9s par le r\u00e9chauffement climatique.<\/p>\n\n\n\n<p>Sur un mode alternant diff\u00e9rents styles de textes et musiques, les artistes expriment surtout leur enthousiasme et leurs convictions qu\u2019un avenir plus r\u00e9jouissant est \u00e0 port\u00e9e de main, pourvu que chaque citoyen, chaque entreprise, adoptent des comportements responsables.<\/p>\n\n\n\n<p>Venez au lyc\u00e9e agricole passer avec nous un beau moment artistique, convivial, interg\u00e9n\u00e9rationnel et solidaire.<\/p>\n\n\n\n<p>Entr\u00e9e 8 euros \/ tarif r\u00e9duit 4 euros (\u00e9tudiant.e.s, minimas sociaux\u2026) \/ &#8211; 2 ans gratuit.<\/p>\n\n\n\n<p>Dur\u00e9e&nbsp;1h30 avec entracte convivial de 30mn.<\/p>\n<\/blockquote>\n<\/blockquote>\n\n\n\n<figure class=\"wp-block-image size-large\"><img loading=\"lazy\" decoding=\"async\" width=\"725\" height=\"1024\" src=\"https:\/\/lyceerochefortmontagne.fr\/wp-content\/uploads\/2023\/04\/Terra-Viva-Rochefort_A4_page-0001-725x1024.jpg\" alt=\"\" class=\"wp-image-531\" srcset=\"https:\/\/lyceerochefortmontagne.fr\/wp-content\/uploads\/2023\/04\/Terra-Viva-Rochefort_A4_page-0001-725x1024.jpg 725w, https:\/\/lyceerochefortmontagne.fr\/wp-content\/uploads\/2023\/04\/Terra-Viva-Rochefort_A4_page-0001-212x300.jpg 212w, https:\/\/lyceerochefortmontagne.fr\/wp-content\/uploads\/2023\/04\/Terra-Viva-Rochefort_A4_page-0001-768x1085.jpg 768w, https:\/\/lyceerochefortmontagne.fr\/wp-content\/uploads\/2023\/04\/Terra-Viva-Rochefort_A4_page-0001-1087x1536.jpg 1087w, https:\/\/lyceerochefortmontagne.fr\/wp-content\/uploads\/2023\/04\/Terra-Viva-Rochefort_A4_page-0001.jpg 1241w\" sizes=\"auto, (max-width: 725px) 100vw, 725px\" \/><\/figure>\n","protected":false},"excerpt":{"rendered":"","protected":false},"author":1,"featured_media":0,"comment_status":"closed","ping_status":"open","sticky":false,"template":"","format":"standard","meta":{"footnotes":""},"categories":[6],"tags":[],"class_list":["post-530","post","type-post","status-publish","format-standard","hentry","category-actu"],"_links":{"self":[{"href":"https:\/\/lyceerochefortmontagne.fr\/index.php?rest_route=\/wp\/v2\/posts\/530","targetHints":{"allow":["GET"]}}],"collection":[{"href":"https:\/\/lyceerochefortmontagne.fr\/index.php?rest_route=\/wp\/v2\/posts"}],"about":[{"href":"https:\/\/lyceerochefortmontagne.fr\/index.php?rest_route=\/wp\/v2\/types\/post"}],"author":[{"embeddable":true,"href":"https:\/\/lyceerochefortmontagne.fr\/index.php?rest_route=\/wp\/v2\/users\/1"}],"replies":[{"embeddable":true,"href":"https:\/\/lyceerochefortmontagne.fr\/index.php?rest_route=%2Fwp%2Fv2%2Fcomments&post=530"}],"version-history":[{"count":1,"href":"https:\/\/lyceerochefortmontagne.fr\/index.php?rest_route=\/wp\/v2\/posts\/530\/revisions"}],"predecessor-version":[{"id":532,"href":"https:\/\/lyceerochefortmontagne.fr\/index.php?rest_route=\/wp\/v2\/posts\/530\/revisions\/532"}],"wp:attachment":[{"href":"https:\/\/lyceerochefortmontagne.fr\/index.php?rest_route=%2Fwp%2Fv2%2Fmedia&parent=530"}],"wp:term":[{"taxonomy":"category","embeddable":true,"href":"https:\/\/lyceerochefortmontagne.fr\/index.php?rest_route=%2Fwp%2Fv2%2Fcategories&post=530"},{"taxonomy":"post_tag","embeddable":true,"href":"https:\/\/lyceerochefortmontagne.fr\/index.php?rest_route=%2Fwp%2Fv2%2Ftags&post=530"}],"curies":[{"name":"wp","href":"https:\/\/api.w.org\/{rel}","templated":true}]}}